{"id":7138,"date":"2026-09-03T11:29:27","date_gmt":"2026-09-03T17:29:27","guid":{"rendered":"https:\/\/www.proyectomochila.org\/?p=7138"},"modified":"2026-09-03T11:32:19","modified_gmt":"2026-09-03T17:32:19","slug":"analiticas-de-aprendizaje-para-orientar-el-diseno-de-experiencias-educativas","status":"publish","type":"post","link":"https:\/\/www.proyectomochila.org\/?p=7138&lang=es","title":{"rendered":"Anal\u00edticas de aprendizaje para orientar el dise\u00f1o de experiencias educativas"},"content":{"rendered":"\n<p class=\"wp-block-paragraph\">El <strong>Proyecto Erasmus+ MOCHILA<\/strong> desarroll\u00f3 el webinar <strong>\u201cAnal\u00edticas y dise\u00f1o de experiencias de aprendizaje\u201d<\/strong>, impartido por <strong>Juan Carlos Caro<\/strong>, acad\u00e9mico de la <strong>Universidad de Concepci\u00f3n, Chile<\/strong>, como parte de la serie de espacios formativos e intercambio de experiencias impulsados por el proyecto.<\/p>\n\n\n\n<p class=\"wp-block-paragraph\">Durante la sesi\u00f3n se abord\u00f3 el potencial de las <strong>anal\u00edticas de aprendizaje<\/strong> para comprender y mejorar los procesos formativos a partir de los datos generados en los entornos educativos. Entre ellos, informaci\u00f3n relacionada con la navegaci\u00f3n, el tiempo dedicado a las tareas, la participaci\u00f3n en foros, los patrones de actividad y las din\u00e1micas de colaboraci\u00f3n.<\/p>\n\n\n\n<p class=\"wp-block-paragraph\">El webinar tambi\u00e9n permiti\u00f3 explorar c\u00f3mo el an\u00e1lisis de estos datos puede apoyar la <strong>toma de decisiones y el dise\u00f1o de experiencias de aprendizaje<\/strong>, as\u00ed como las posibilidades que ofrecen \u00e1mbitos como la inteligencia artificial, la visualizaci\u00f3n de datos y la personalizaci\u00f3n para continuar fortaleciendo los procesos educativos.<\/p>\n\n\n\n<p class=\"wp-block-paragraph\">Con este webinar, el <strong>Proyecto MOCHILA<\/strong> contin\u00faa promoviendo el intercambio de conocimientos y experiencias orientadas a la innovaci\u00f3n y al fortalecimiento de la educaci\u00f3n superior.<\/p>\n\n\n\n<figure class=\"wp-block-image size-medium\"><img loading=\"lazy\" decoding=\"async\" width=\"300\" height=\"222\" src=\"https:\/\/www.proyectomochila.org\/wp-content\/uploads\/2026\/09\/Webinar-D-300x222.png\" alt=\"Juan Carlos Caro durante el webinar \u201cAnal\u00edticas y dise\u00f1o de experiencias de aprendizaje\u201d, desarrollado en el marco del Proyecto Erasmus+ MOCHILA.\" class=\"wp-image-7135\" srcset=\"https:\/\/www.proyectomochila.org\/wp-content\/uploads\/2026\/09\/Webinar-D-300x222.png 300w, https:\/\/www.proyectomochila.org\/wp-content\/uploads\/2026\/09\/Webinar-D-1024x757.png 1024w, https:\/\/www.proyectomochila.org\/wp-content\/uploads\/2026\/09\/Webinar-D-1536x1135.png 1536w, https:\/\/www.proyectomochila.org\/wp-content\/uploads\/2026\/09\/Webinar-D.png 2030w\" sizes=\"auto, (max-width: 300px) 100vw, 300px\" \/><\/figure>\n\n\n\n<p class=\"wp-block-paragraph\">Juan Carlos Caro durante el webinar \u201cAnal\u00edticas y dise\u00f1o de experiencias de aprendizaje\u201d, desarrollado en el marco del Proyecto Erasmus+ MOCHILA.<\/p>\n","protected":false},"excerpt":{"rendered":"<p>Juan Carlos Caro durante el webinar \u201cAnal\u00edticas y dise\u00f1o de experiencias de aprendizaje\u201d, desarrollado en el marco del Proyecto Erasmus+ MOCHILA.<\/p>\n","protected":false},"author":12,"featured_media":7135,"comment_status":"closed","ping_status":"closed","sticky":false,"template":"","format":"standard","meta":{"footnotes":""},"categories":[2],"tags":[],"class_list":["post-7138","post","type-post","status-publish","format-standard","has-post-thumbnail","hentry","category-uncategorized-es"],"_links":{"self":[{"href":"https:\/\/www.proyectomochila.org\/index.php?rest_route=\/wp\/v2\/posts\/7138","targetHints":{"allow":["GET"]}}],"collection":[{"href":"https:\/\/www.proyectomochila.org\/index.php?rest_route=\/wp\/v2\/posts"}],"about":[{"href":"https:\/\/www.proyectomochila.org\/index.php?rest_route=\/wp\/v2\/types\/post"}],"author":[{"embeddable":true,"href":"https:\/\/www.proyectomochila.org\/index.php?rest_route=\/wp\/v2\/users\/12"}],"replies":[{"embeddable":true,"href":"https:\/\/www.proyectomochila.org\/index.php?rest_route=%2Fwp%2Fv2%2Fcomments&post=7138"}],"version-history":[{"count":4,"href":"https:\/\/www.proyectomochila.org\/index.php?rest_route=\/wp\/v2\/posts\/7138\/revisions"}],"predecessor-version":[{"id":7142,"href":"https:\/\/www.proyectomochila.org\/index.php?rest_route=\/wp\/v2\/posts\/7138\/revisions\/7142"}],"wp:featuredmedia":[{"embeddable":true,"href":"https:\/\/www.proyectomochila.org\/index.php?rest_route=\/wp\/v2\/media\/7135"}],"wp:attachment":[{"href":"https:\/\/www.proyectomochila.org\/index.php?rest_route=%2Fwp%2Fv2%2Fmedia&parent=7138"}],"wp:term":[{"taxonomy":"category","embeddable":true,"href":"https:\/\/www.proyectomochila.org\/index.php?rest_route=%2Fwp%2Fv2%2Fcategories&post=7138"},{"taxonomy":"post_tag","embeddable":true,"href":"https:\/\/www.proyectomochila.org\/index.php?rest_route=%2Fwp%2Fv2%2Ftags&post=7138"}],"curies":[{"name":"wp","href":"https:\/\/api.w.org\/{rel}","templated":true}]}}